{"id":830,"date":"2026-08-26T15:31:51","date_gmt":"2026-08-26T13:31:51","guid":{"rendered":"https:\/\/baptiste.pub\/?p=830"},"modified":"2026-08-27T20:31:52","modified_gmt":"2026-08-27T18:31:52","slug":"agroparistech","status":"publish","type":"post","link":"https:\/\/baptiste.pub\/index.php\/2026\/08\/26\/agroparistech\/","title":{"rendered":"AgroParisTech"},"content":{"rendered":"\n<p class=\"wp-block-paragraph\"><strong>Appel d\u2019offre <em>(non remport\u00e9) <\/em>: conception-r\u00e9daction de l\u2019ensemble de la nouvelle campagne de communication pour les \u00e9coles du consortium AgroParisTech<\/strong><\/p>\n\n\n\n<p class=\"wp-block-paragraph\"><strong>Le brief<\/strong><br>R\u00e9inventer l\u2019image de l\u2019ing\u00e9nieur agro aupr\u00e8s des nouvelles g\u00e9n\u00e9rations, en d\u00e9passant l\u2019imaginaire traditionnel de la ferme pour r\u00e9v\u00e9ler la diversit\u00e9 et la modernit\u00e9 de ces m\u00e9tiers. L\u2019enjeu : repositionner l\u2019ing\u00e9nieur agro comme un acteur essentiel des grandes transformations de notre soci\u00e9t\u00e9.<\/p>\n\n\n\n<p class=\"wp-block-paragraph\"><strong>L\u2019objectif<\/strong><br>Faire \u00e9merger de nouvelles vocations et renforcer l\u2019attractivit\u00e9 des formations et des m\u00e9tiers d\u2019ing\u00e9nieur agro aupr\u00e8s des jeunes, mais aussi de leurs parents, enseignants et prescripteurs de l\u2019orientation. La campagne doit rendre visibles des parcours et des d\u00e9bouch\u00e9s encore m\u00e9connus, tout en donnant une image plus aspirationnelle de la profession.<\/p>\n\n\n\n<p class=\"wp-block-paragraph\"><strong>Comment ?<\/strong><br>En imaginant une campagne collective capable de renouveler les imaginaires autour de l\u2019ing\u00e9nierie agronomique, \u00e0 travers une id\u00e9e cr\u00e9ative forte, une identit\u00e9 visuelle et \u00e9ditoriale globale et des prises de parole adapt\u00e9es \u00e0 chaque public. Le dispositif s\u2019appuie sur la diversit\u00e9 des m\u00e9tiers et sur leur r\u00f4le concret dans les transitions agricoles, alimentaires, environnementales et territoriales.<\/p>\n\n\n\n<p class=\"wp-block-paragraph\"><strong>Le d\u00e9fi ? <\/strong><br>Donner envie \u00e0 une nouvelle g\u00e9n\u00e9ration de se projeter dans un secteur strat\u00e9gique mais encore peu attractif, en montrant que l\u2019ing\u00e9nieur agro n\u2019est pas seulement celui qui travaille la terre : c\u2019est aussi celui qui imagine, innove et transforme les syst\u00e8mes de demain.<\/p>\n\n\n\n<p class=\"wp-block-paragraph\"><\/p>\n\n\n\n<p class=\"wp-block-paragraph\"><strong>Piste 1 : Explorateurs du vivant<\/strong><\/p>\n\n\n\n<p class=\"wp-block-paragraph\"><strong>Concept<\/strong><br>Une campagne qui repositionne les ing\u00e9nieurs du vivant comme la g\u00e9n\u00e9ration qui explore, comprend et r\u00e9invente le monde de demain.<br>\u00c0 travers des visuels spectaculaires et immersifs, le m\u00e9tier quitte l\u2019imaginaire du bureau et du labo pour devenir une aventure scientifique collective, au contact du terrain, des technologies et des grands enjeux du XXIe si\u00e8cle.<br>Un territoire aspirationnel qui donne envie de rejoindre celles et ceux qui partent \u00e0 la conqu\u00eate du vivant.<\/p>\n\n\n\n<p class=\"wp-block-paragraph\"><strong>Naming<\/strong><br>Ing\u00e9nieurs du vivant<\/p>\n\n\n\n<p class=\"wp-block-paragraph\"><strong>Signature<\/strong><br>Votre terrain de jeu ? Notre plan\u00e8te.<\/p>\n\n\n\n<figure class=\"wp-block-image size-full\"><img loading=\"lazy\" decoding=\"async\" width=\"512\" height=\"383\" src=\"https:\/\/baptiste.pub\/wp-content\/uploads\/2026\/08\/explo1.png\" alt=\"\" class=\"wp-image-831\" srcset=\"https:\/\/baptiste.pub\/wp-content\/uploads\/2026\/08\/explo1.png 512w, https:\/\/baptiste.pub\/wp-content\/uploads\/2026\/08\/explo1-300x224.png 300w, https:\/\/baptiste.pub\/wp-content\/uploads\/2026\/08\/explo1-400x300.png 400w\" sizes=\"auto, (max-width: 512px) 100vw, 512px\" \/><\/figure>\n\n\n\n<p class=\"wp-block-paragraph\"><\/p>\n\n\n\n<figure class=\"wp-block-image size-full\"><img loading=\"lazy\" decoding=\"async\" width=\"512\" height=\"383\" src=\"https:\/\/baptiste.pub\/wp-content\/uploads\/2026\/08\/explo2.png\" alt=\"\" class=\"wp-image-832\" srcset=\"https:\/\/baptiste.pub\/wp-content\/uploads\/2026\/08\/explo2.png 512w, https:\/\/baptiste.pub\/wp-content\/uploads\/2026\/08\/explo2-300x224.png 300w, https:\/\/baptiste.pub\/wp-content\/uploads\/2026\/08\/explo2-400x300.png 400w\" sizes=\"auto, (max-width: 512px) 100vw, 512px\" \/><\/figure>\n\n\n\n<p class=\"wp-block-paragraph\"><\/p>\n\n\n\n<figure class=\"wp-block-image size-full\"><img loading=\"lazy\" decoding=\"async\" width=\"512\" height=\"383\" src=\"https:\/\/baptiste.pub\/wp-content\/uploads\/2026\/08\/explo3.png\" alt=\"\" class=\"wp-image-833\" srcset=\"https:\/\/baptiste.pub\/wp-content\/uploads\/2026\/08\/explo3.png 512w, https:\/\/baptiste.pub\/wp-content\/uploads\/2026\/08\/explo3-300x224.png 300w, https:\/\/baptiste.pub\/wp-content\/uploads\/2026\/08\/explo3-400x300.png 400w\" sizes=\"auto, (max-width: 512px) 100vw, 512px\" \/><\/figure>\n\n\n\n<p class=\"wp-block-paragraph\"><\/p>\n\n\n\n<figure class=\"wp-block-image size-full\"><img loading=\"lazy\" decoding=\"async\" width=\"512\" height=\"383\" src=\"https:\/\/baptiste.pub\/wp-content\/uploads\/2026\/08\/explo4.png\" alt=\"\" class=\"wp-image-834\" srcset=\"https:\/\/baptiste.pub\/wp-content\/uploads\/2026\/08\/explo4.png 512w, https:\/\/baptiste.pub\/wp-content\/uploads\/2026\/08\/explo4-300x224.png 300w, https:\/\/baptiste.pub\/wp-content\/uploads\/2026\/08\/explo4-400x300.png 400w\" sizes=\"auto, (max-width: 512px) 100vw, 512px\" \/><\/figure>\n\n\n\n<p class=\"wp-block-paragraph\"><\/p>\n\n\n\n<p class=\"wp-block-paragraph\"><strong>Piste 2 : L&#8217;appel du vivant<\/strong><\/p>\n\n\n\n<p class=\"wp-block-paragraph\"><strong>Concept<\/strong><br>Une vision \u00e0 l&#8217;esth\u00e9tique solarpunk qui imagine un futur d\u00e9sirable construit gr\u00e2ce aux ing\u00e9nieurs du vivant.<br>La campagne m\u00e9lange style futuriste, blueprint technologique et nature augment\u00e9e pour montrer que les r\u00eaves de demain (villes respirables, nouvelles ressources, alimentation r\u00e9invent\u00e9e\u2026) sont d\u00e9j\u00e0 en train de se construire aujourd\u2019hui.<br>Un territoire optimiste et g\u00e9n\u00e9rationnel qui transforme l\u2019ing\u00e9nieur agro en b\u00e2tisseur du futur.<\/p>\n\n\n\n<p class=\"wp-block-paragraph\"><strong>Naming<\/strong><br>Devenez ing\u00e9nieurs du vivant<\/p>\n\n\n\n<p class=\"wp-block-paragraph\"><strong>Signature<\/strong><br>L\u2019avenir se dessine ici<\/p>\n\n\n\n<figure class=\"wp-block-image size-full\"><img loading=\"lazy\" decoding=\"async\" width=\"512\" height=\"383\" src=\"https:\/\/baptiste.pub\/wp-content\/uploads\/2026\/08\/appel1.png\" alt=\"\" class=\"wp-image-835\" srcset=\"https:\/\/baptiste.pub\/wp-content\/uploads\/2026\/08\/appel1.png 512w, https:\/\/baptiste.pub\/wp-content\/uploads\/2026\/08\/appel1-300x224.png 300w, https:\/\/baptiste.pub\/wp-content\/uploads\/2026\/08\/appel1-400x300.png 400w\" sizes=\"auto, (max-width: 512px) 100vw, 512px\" \/><\/figure>\n\n\n\n<p class=\"wp-block-paragraph\"><\/p>\n\n\n\n<figure class=\"wp-block-image size-full\"><img loading=\"lazy\" decoding=\"async\" width=\"512\" height=\"383\" src=\"https:\/\/baptiste.pub\/wp-content\/uploads\/2026\/08\/appel2.png\" alt=\"\" class=\"wp-image-836\" srcset=\"https:\/\/baptiste.pub\/wp-content\/uploads\/2026\/08\/appel2.png 512w, https:\/\/baptiste.pub\/wp-content\/uploads\/2026\/08\/appel2-300x224.png 300w, https:\/\/baptiste.pub\/wp-content\/uploads\/2026\/08\/appel2-400x300.png 400w\" sizes=\"auto, (max-width: 512px) 100vw, 512px\" \/><\/figure>\n\n\n\n<p class=\"wp-block-paragraph\"><\/p>\n\n\n\n<figure class=\"wp-block-image size-full\"><img loading=\"lazy\" decoding=\"async\" width=\"512\" height=\"383\" src=\"https:\/\/baptiste.pub\/wp-content\/uploads\/2026\/08\/appel4.png\" alt=\"\" class=\"wp-image-837\" srcset=\"https:\/\/baptiste.pub\/wp-content\/uploads\/2026\/08\/appel4.png 512w, https:\/\/baptiste.pub\/wp-content\/uploads\/2026\/08\/appel4-300x224.png 300w, https:\/\/baptiste.pub\/wp-content\/uploads\/2026\/08\/appel4-400x300.png 400w\" sizes=\"auto, (max-width: 512px) 100vw, 512px\" \/><\/figure>\n\n\n\n<p class=\"wp-block-paragraph\"><\/p>\n","protected":false},"excerpt":{"rendered":"<p>Appel d\u2019offre (non remport\u00e9) : conception-r\u00e9daction de l\u2019ensemble de la nouvelle campagne de communication pour les \u00e9coles du consortium AgroParisTech Le briefR\u00e9inventer l\u2019image de l\u2019ing\u00e9nieur agro aupr\u00e8s des nouvelles g\u00e9n\u00e9rations, en d\u00e9passant l\u2019imaginaire traditionnel de la ferme pour r\u00e9v\u00e9ler la diversit\u00e9 et la modernit\u00e9 de ces m\u00e9tiers. L\u2019enjeu : repositionner l\u2019ing\u00e9nieur agro comme un acteur [&hellip;]<\/p>\n","protected":false},"author":1,"featured_media":840,"comment_status":"closed","ping_status":"closed","sticky":false,"template":"","format":"standard","meta":{"footnotes":""},"categories":[35],"tags":[],"class_list":["post-830","post","type-post","status-publish","format-standard","has-post-thumbnail","hentry","category-creazip"],"_links":{"self":[{"href":"https:\/\/baptiste.pub\/index.php\/wp-json\/wp\/v2\/posts\/830","targetHints":{"allow":["GET"]}}],"collection":[{"href":"https:\/\/baptiste.pub\/index.php\/wp-json\/wp\/v2\/posts"}],"about":[{"href":"https:\/\/baptiste.pub\/index.php\/wp-json\/wp\/v2\/types\/post"}],"author":[{"embeddable":true,"href":"https:\/\/baptiste.pub\/index.php\/wp-json\/wp\/v2\/users\/1"}],"replies":[{"embeddable":true,"href":"https:\/\/baptiste.pub\/index.php\/wp-json\/wp\/v2\/comments?post=830"}],"version-history":[{"count":2,"href":"https:\/\/baptiste.pub\/index.php\/wp-json\/wp\/v2\/posts\/830\/revisions"}],"predecessor-version":[{"id":841,"href":"https:\/\/baptiste.pub\/index.php\/wp-json\/wp\/v2\/posts\/830\/revisions\/841"}],"wp:featuredmedia":[{"embeddable":true,"href":"https:\/\/baptiste.pub\/index.php\/wp-json\/wp\/v2\/media\/840"}],"wp:attachment":[{"href":"https:\/\/baptiste.pub\/index.php\/wp-json\/wp\/v2\/media?parent=830"}],"wp:term":[{"taxonomy":"category","embeddable":true,"href":"https:\/\/baptiste.pub\/index.php\/wp-json\/wp\/v2\/categories?post=830"},{"taxonomy":"post_tag","embeddable":true,"href":"https:\/\/baptiste.pub\/index.php\/wp-json\/wp\/v2\/tags?post=830"}],"curies":[{"name":"wp","href":"https:\/\/api.w.org\/{rel}","templated":true}]}}